{"id":26243,"date":"2024-10-10T11:45:18","date_gmt":"2024-10-10T11:45:18","guid":{"rendered":"https:\/\/federaciosalutmental.com\/?p=26243"},"modified":"2024-10-10T11:46:54","modified_gmt":"2024-10-10T11:46:54","slug":"mes-de-500-persones-reivindiquen-el-dret-a-lhabitatge-a-lacte-del-dia-mundial-de-la-salut-mental","status":"publish","type":"post","link":"https:\/\/federaciosalutmental.com\/ca\/mes-de-500-persones-reivindiquen-el-dret-a-lhabitatge-a-lacte-del-dia-mundial-de-la-salut-mental\/","title":{"rendered":"M\u00e9s de 500 persones reivindiquen el dret a l\u2019habitatge a l\u2019acte del Dia Mundial de la Salut Mental"},"content":{"rendered":"<p style=\"font-weight: 400;\"><em>La Federaci\u00f3 de Salut Mental ha reclamat la creaci\u00f3 del servei d\u2019habitatges compartits, el refor\u00e7 del servei d\u2019habitatge supervisat i altres mesures en mat\u00e8ria d\u2019habitatge dirigides al col\u00b7lectiu<\/em><\/p>\n<p style=\"font-weight: 400;\">M\u00e9s de 500 persones han participat en la jornada festiva i reivindicativa organitzada per la Federaci\u00f3 de Salut Mental de Mallorca amb motiu del Dia Mundial de la Salut Mental, enguany sota el lema \u201cHabitatge per la salut mental\u201d.<\/p>\n<p style=\"font-weight: 400;\">Persones participants, professionals i entitats han reivindicat els drets del col\u00b7lectiu a tots els \u00e0mbits de la societat, i com el manifest signat per la Federaci\u00f3, han posat el focus en una \u201cq\u00fcesti\u00f3 d\u2019urg\u00e8ncia\u201d per a les Illes Balears com \u00e9s l\u2019acc\u00e9s a un habitatge digne.<\/p>\n<p style=\"font-weight: 400;\"><strong>\u00a0<\/strong>\u201cSom conscients dels problemes que t\u00e9 la poblaci\u00f3 general per a accedir a aquest dret, per\u00f2 l\u2019estigma tanca portes i des de la Federaci\u00f3 volem aixecar la veu per advertir de les dificultats afegides en habitatge que pateixen les persones que conviuen amb un trastorn de salut mental i en especial, les que ho pateixen de forma m\u00e9s greu\u201d.<\/p>\n<p style=\"font-weight: 400;\">La Federaci\u00f3 ha destacat l\u2019important esfor\u00e7 p\u00fablic fet i que entre d\u2019altres ha perm\u00e8s, a trav\u00e9s de les entitats, posar en marxa un servei d\u2019habitatge supervisat que facilita una casa a una cinquantena de persones amb un trastorn de salut mental.<\/p>\n<p style=\"font-weight: 400;\">No obstant, han advertit que encara \u201csom lluny d\u2019arribar a tothom\u201d i que hi ha 260 persones participants estan en llista d\u2019espera per a poder accedir als servei d\u2019habitatge de les entitats. \u201cDes de les entitats estam disposades a seguir sumant solucions i eines. \u00c9s imprescindible continuar refor\u00e7ant els recursos p\u00fablics per augmentar les places del servei d\u2019habitatge supervisat, crear nous serveis com el d\u2019habitatges compartits i altres mesures per a fer efectiu aquest dret per al col\u00b7lectiu\u201d.<\/p>\n<p style=\"font-weight: 400;\">\u201cObrim portes a una salut mental plena i aixequem sostres de dignitat que donin cabuda als drets de totes les persones; al dret a construir un projecte de vida ple d\u2019il\u00b7lusi\u00f3, oportunitats i esperan\u00e7a\u201d, han afegit des de la Federaci\u00f3.<\/p>\n<p style=\"font-weight: 400;\"><strong>Propostes de la Federaci\u00f3: l\u2019acc\u00e9s a l\u2019habitatge, pilar de l\u2019Estat del Benestar<\/strong><\/p>\n<p style=\"font-weight: 400;\">La Federaci\u00f3 ha defensat que \u201cl\u2019acc\u00e9s a l\u2019habitatge hauria d\u2019erigir-se en un dels pilars de l\u2019Estat del Benestar\u201d, ja que \u201d\u00e9s fonamental perqu\u00e8 qualsevol pugui exercir drets tan essencials com la salut, la dignitat i la vida. Sense habitatge no hi ha autonomia, seguretat, igualtat, benestar emocional o la possibilitat de desenvolupar un projecte vital\u201d.<\/p>\n<p style=\"font-weight: 400;\">Per aquest motiu, enguany des de la Federaci\u00f3 s\u2019ha proposat a les institucions i la societat un conjunt de mesures \u201cperqu\u00e8 sigui un dret real per al col\u00b7lectiu\u201d:<\/p>\n<ol style=\"font-weight: 400;\">\n<li>M\u00e9s recursos p\u00fablics per augmentar les places d\u2019habitatge supervisat<\/li>\n<li>M\u00e9s recursos p\u00fablics per posar en marxa un servei d\u2019habitatges compartits<\/li>\n<li>Promoure habitatge p\u00fablic espec\u00edfic per a persones vulnerables per salut mental<\/li>\n<li>Promoure ajuts al lloguer espec\u00edfics per al col\u00b7lectiu<\/li>\n<li>M\u00e9s recursos sanitaris p\u00fablics per facilitar la rehabilitaci\u00f3 comunit\u00e0ria i que estiguin preparats per a viure de forma aut\u00f2noma en un habitatge<\/li>\n<li>M\u00e9s sensibilitzaci\u00f3 perqu\u00e8 la societat perdi la por a les malalties mentals i a viure a prop d&#8217;una persona amb trastorn mental<\/li>\n<li>M\u00e9s col\u00b7laboraci\u00f3 entre institucions i el Tercer Sector<\/li>\n<\/ol>\n<p style=\"font-weight: 400;\"><strong>Especial vulnerabilitat<\/strong><\/p>\n<p style=\"font-weight: 400;\">Les majors dificultats d\u2019inserci\u00f3 laboral del col\u00b7lectiu, juntament amb unes menors remuneracions, fan m\u00e9s dif\u00edcil que les persones amb un trastorn de salut mental greu puguin accedir a un habitatge pel seu compte.<\/p>\n<p style=\"font-weight: 400;\">Segons la Confederaci\u00f3 Espanyola de Salut Mental, 8 de cada 10 persones amb un trastorn de salut mental no troben una feina i, d\u2019altra banda, la meitat de les 1.600 persones que s\u00f3n acompanyades per les entitats de la Federaci\u00f3 viuen amb menys de 800\u20ac al mes. \u201cEn aquestes condicions -han apuntat des de la Federaci\u00f3- \u00e9s molt dif\u00edcil que una persona pugui accedir pel seu compte a un habitatge o tenir unes condicions de vida dignes\u201d.<\/p>\n<p style=\"font-weight: 400;\">En la mateixa l\u00ednia, s\u2019ha apuntat a la necessitat de continuar sensibilitzant la societat per erradicar els prejudicis i evitar possibles situacions de rebuig on s\u2019exigeixi a persones amb un trastorn mental condicions d\u2019entrada a l\u2019habitatge m\u00e9s restrictives que a la poblaci\u00f3 general.<\/p>\n<p style=\"font-weight: 400;\">Finalment, des de la Federaci\u00f3 tamb\u00e9 s&#8217;ha volgut ressaltar la \u201cimportant feina\u201d feta a trav\u00e9s del servei de suport socioeducatiu, un servei concertat entre la Conselleria de Fam\u00edlies i Afers Socials i les entitats, que est\u00e0 fent possible que 343 persones rebin ajuda de professionals a la seva llar o en el seu entorn, facilitant el seu dia a dia, autonomia i integraci\u00f3.<\/p>\n<p style=\"font-weight: 400;\"><strong>La jornada<\/strong><\/p>\n<p style=\"font-weight: 400;\">La jornada festiva i reivindicativa ha comptat amb m\u00fasica, mon\u00f2legs i activitats diverses, i ha gaudit d\u2019un ampli recolzament social i institucional. Pep Noguera ha participat com a mestre de cerim\u00f2nies i artista convidat, i tamb\u00e9 hi han participat representants de totes les administracions, com Catalina Cirer, consellera de Fam\u00edlies i Afers Socials; Manuela Garc\u00eda, consellera de Salut; Maria Francesca Rigo, directora insular de Discapacitat, i Mart\u00ed March, batle de l\u2019Ajuntament de Pollen\u00e7a.<\/p>\n<p style=\"font-weight: 400;\">Per a l\u2019organitzaci\u00f3 d\u2019aquest acte s\u2019ha comptat amb la col\u00b7laboraci\u00f3 de l\u2019Ajuntament de Pollen\u00e7a i Tres Glops. A m\u00e9s, la Federaci\u00f3 compta amb el suport de la Conselleria de Fam\u00edlies i Afers Socials del Govern de les Illes Balears.<\/p>\n<p style=\"font-weight: 400;\">La Federaci\u00f3 de Salut Mental de Mallorca, formada per l\u2019Associaci\u00f3 Gira-Sol, Grec Mallorca, Fundaci\u00f3 Es Garrover, Estel de Llevant, Fundaci\u00f3 Deixalles i Fundaci\u00f3 Tutelar Dem\u00e0, va n\u00e9ixer amb la finalitat de sumar forces i iniciatives per millorar la vida de les persones amb un trastorn de salut mental i els seus familiars. El 2023 prop de 1.600 persones van rebre el suport o van ser acompanyades pels serveis i programes de salut mental de les entitats que en formen part.<\/p>\n","protected":false},"excerpt":{"rendered":"<p>La Federaci\u00f3 de Salut Mental ha reclamat la creaci\u00f3 del servei d\u2019habitatges compartits, el refor\u00e7 del servei d\u2019habitatge supervisat i altres mesures en mat\u00e8ria d\u2019habitatge dirigides al col\u00b7lectiu M\u00e9s de 500 persones han participat en la jornada festiva i reivindicativa organitzada per la Federaci\u00f3 de Salut Mental de Mallorca amb motiu del Dia Mundial de [&hellip;]<\/p>\n","protected":false},"author":2,"featured_media":26244,"comment_status":"closed","ping_status":"closed","sticky":false,"template":"","format":"standard","meta":{"site-sidebar-layout":"default","site-content-layout":"","ast-site-content-layout":"default","site-content-style":"default","site-sidebar-style":"default","ast-global-header-display":"","ast-banner-title-visibility":"","ast-main-header-display":"","ast-hfb-above-header-display":"","ast-hfb-below-header-display":"","ast-hfb-mobile-header-display":"","site-post-title":"","ast-breadcrumbs-content":"","ast-featured-img":"","footer-sml-layout":"","theme-transparent-header-meta":"default","adv-header-id-meta":"","stick-header-meta":"","header-above-stick-meta":"","header-main-stick-meta":"","header-below-stick-meta":"","astra-migrate-meta-layouts":"set","ast-page-background-enabled":"default","ast-page-background-meta":{"desktop":{"background-color":"","background-image":"","background-repeat":"repeat","background-position":"center center","background-size":"auto","background-attachment":"scroll","background-type":"","background-media":"","overlay-type":"","overlay-color":"","overlay-gradient":""},"tablet":{"background-color":"","background-image":"","background-repeat":"repeat","background-position":"center center","background-size":"auto","background-attachment":"scroll","background-type":"","background-media":"","overlay-type":"","overlay-color":"","overlay-gradient":""},"mobile":{"background-color":"","background-image":"","background-repeat":"repeat","background-position":"center center","background-size":"auto","background-attachment":"scroll","background-type":"","background-media":"","overlay-type":"","overlay-color":"","overlay-gradient":""}},"ast-content-background-meta":{"desktop":{"background-color":"var(--ast-global-color-5)","background-image":"","background-repeat":"repeat","background-position":"center center","background-size":"auto","background-attachment":"scroll","background-type":"","background-media":"","overlay-type":"","overlay-color":"","overlay-gradient":""},"tablet":{"background-color":"var(--ast-global-color-5)","background-image":"","background-repeat":"repeat","background-position":"center center","background-size":"auto","background-attachment":"scroll","background-type":"","background-media":"","overlay-type":"","overlay-color":"","overlay-gradient":""},"mobile":{"background-color":"var(--ast-global-color-5)","background-image":"","background-repeat":"repeat","background-position":"center center","background-size":"auto","background-attachment":"scroll","background-type":"","background-media":"","overlay-type":"","overlay-color":"","overlay-gradient":""}},"footnotes":""},"categories":[1],"tags":[],"yoast_head":"<!-- This site is optimized with the Yoast SEO plugin v21.8 - https:\/\/yoast.com\/wordpress\/plugins\/seo\/ -->\n<title>M\u00e9s de 500 persones reivindiquen el dret a l\u2019habitatge a l\u2019acte del Dia Mundial de la Salut Mental - Federaci\u00f3 Salut Mental<\/title>\n<meta name=\"robots\" content=\"index, follow, max-snippet:-1, max-image-preview:large, max-video-preview:-1\" \/>\n<link rel=\"canonical\" href=\"https:\/\/federaciosalutmental.com\/ca\/mes-de-500-persones-reivindiquen-el-dret-a-lhabitatge-a-lacte-del-dia-mundial-de-la-salut-mental\/\" \/>\n<meta property=\"og:locale\" content=\"ca_ES\" \/>\n<meta property=\"og:type\" content=\"article\" \/>\n<meta property=\"og:title\" content=\"M\u00e9s de 500 persones reivindiquen el dret a l\u2019habitatge a l\u2019acte del Dia Mundial de la Salut Mental - Federaci\u00f3 Salut Mental\" \/>\n<meta property=\"og:description\" content=\"La Federaci\u00f3 de Salut Mental ha reclamat la creaci\u00f3 del servei d\u2019habitatges compartits, el refor\u00e7 del servei d\u2019habitatge supervisat i altres mesures en mat\u00e8ria d\u2019habitatge dirigides al col\u00b7lectiu M\u00e9s de 500 persones han participat en la jornada festiva i reivindicativa organitzada per la Federaci\u00f3 de Salut Mental de Mallorca amb motiu del Dia Mundial de [&hellip;]\" \/>\n<meta property=\"og:url\" content=\"https:\/\/federaciosalutmental.com\/ca\/mes-de-500-persones-reivindiquen-el-dret-a-lhabitatge-a-lacte-del-dia-mundial-de-la-salut-mental\/\" \/>\n<meta property=\"og:site_name\" content=\"Federaci\u00f3 Salut Mental\" \/>\n<meta property=\"article:published_time\" content=\"2024-10-10T11:45:18+00:00\" \/>\n<meta property=\"article:modified_time\" content=\"2024-10-10T11:46:54+00:00\" \/>\n<meta property=\"og:image\" content=\"https:\/\/federaciosalutmental.com\/wp-content\/uploads\/2024\/10\/Foto-DMSM-2024-scaled.jpg\" \/>\n\t<meta property=\"og:image:width\" content=\"2560\" \/>\n\t<meta property=\"og:image:height\" content=\"1920\" \/>\n\t<meta property=\"og:image:type\" content=\"image\/jpeg\" \/>\n<meta name=\"author\" content=\"Victoria\" \/>\n<meta name=\"twitter:card\" content=\"summary_large_image\" \/>\n<meta name=\"twitter:label1\" content=\"Escrit per\" \/>\n\t<meta name=\"twitter:data1\" content=\"Victoria\" \/>\n\t<meta name=\"twitter:label2\" content=\"Temps estimat de lectura\" \/>\n\t<meta name=\"twitter:data2\" content=\"6 minuts\" \/>\n<script type=\"application\/ld+json\" class=\"yoast-schema-graph\">{\"@context\":\"https:\/\/schema.org\",\"@graph\":[{\"@type\":\"Article\",\"@id\":\"https:\/\/federaciosalutmental.com\/ca\/mes-de-500-persones-reivindiquen-el-dret-a-lhabitatge-a-lacte-del-dia-mundial-de-la-salut-mental\/#article\",\"isPartOf\":{\"@id\":\"https:\/\/federaciosalutmental.com\/ca\/mes-de-500-persones-reivindiquen-el-dret-a-lhabitatge-a-lacte-del-dia-mundial-de-la-salut-mental\/\"},\"author\":{\"name\":\"Victoria\",\"@id\":\"https:\/\/federaciosalutmental.com\/ca\/#\/schema\/person\/907380c9ba5acbdaf347496f60403d57\"},\"headline\":\"M\u00e9s de 500 persones reivindiquen el dret a l\u2019habitatge a l\u2019acte del Dia Mundial de la Salut Mental\",\"datePublished\":\"2024-10-10T11:45:18+00:00\",\"dateModified\":\"2024-10-10T11:46:54+00:00\",\"mainEntityOfPage\":{\"@id\":\"https:\/\/federaciosalutmental.com\/ca\/mes-de-500-persones-reivindiquen-el-dret-a-lhabitatge-a-lacte-del-dia-mundial-de-la-salut-mental\/\"},\"wordCount\":1035,\"publisher\":{\"@id\":\"https:\/\/federaciosalutmental.com\/ca\/#organization\"},\"articleSection\":[\"Sin categorizar\"],\"inLanguage\":\"ca\"},{\"@type\":\"WebPage\",\"@id\":\"https:\/\/federaciosalutmental.com\/ca\/mes-de-500-persones-reivindiquen-el-dret-a-lhabitatge-a-lacte-del-dia-mundial-de-la-salut-mental\/\",\"url\":\"https:\/\/federaciosalutmental.com\/ca\/mes-de-500-persones-reivindiquen-el-dret-a-lhabitatge-a-lacte-del-dia-mundial-de-la-salut-mental\/\",\"name\":\"M\u00e9s de 500 persones reivindiquen el dret a l\u2019habitatge a l\u2019acte del Dia Mundial de la Salut Mental - Federaci\u00f3 Salut Mental\",\"isPartOf\":{\"@id\":\"https:\/\/federaciosalutmental.com\/ca\/#website\"},\"datePublished\":\"2024-10-10T11:45:18+00:00\",\"dateModified\":\"2024-10-10T11:46:54+00:00\",\"breadcrumb\":{\"@id\":\"https:\/\/federaciosalutmental.com\/ca\/mes-de-500-persones-reivindiquen-el-dret-a-lhabitatge-a-lacte-del-dia-mundial-de-la-salut-mental\/#breadcrumb\"},\"inLanguage\":\"ca\",\"potentialAction\":[{\"@type\":\"ReadAction\",\"target\":[\"https:\/\/federaciosalutmental.com\/ca\/mes-de-500-persones-reivindiquen-el-dret-a-lhabitatge-a-lacte-del-dia-mundial-de-la-salut-mental\/\"]}]},{\"@type\":\"BreadcrumbList\",\"@id\":\"https:\/\/federaciosalutmental.com\/ca\/mes-de-500-persones-reivindiquen-el-dret-a-lhabitatge-a-lacte-del-dia-mundial-de-la-salut-mental\/#breadcrumb\",\"itemListElement\":[{\"@type\":\"ListItem\",\"position\":1,\"name\":\"Home\",\"item\":\"https:\/\/federaciosalutmental.com\/ca\/\"},{\"@type\":\"ListItem\",\"position\":2,\"name\":\"M\u00e9s de 500 persones reivindiquen el dret a l\u2019habitatge a l\u2019acte del Dia Mundial de la Salut Mental\"}]},{\"@type\":\"WebSite\",\"@id\":\"https:\/\/federaciosalutmental.com\/ca\/#website\",\"url\":\"https:\/\/federaciosalutmental.com\/ca\/\",\"name\":\"Federaci\u00f3 Salut Mental\",\"description\":\"\",\"publisher\":{\"@id\":\"https:\/\/federaciosalutmental.com\/ca\/#organization\"},\"potentialAction\":[{\"@type\":\"SearchAction\",\"target\":{\"@type\":\"EntryPoint\",\"urlTemplate\":\"https:\/\/federaciosalutmental.com\/ca\/?s={search_term_string}\"},\"query-input\":\"required name=search_term_string\"}],\"inLanguage\":\"ca\"},{\"@type\":\"Organization\",\"@id\":\"https:\/\/federaciosalutmental.com\/ca\/#organization\",\"name\":\"Federaci\u00f3 Salut Mental\",\"url\":\"https:\/\/federaciosalutmental.com\/ca\/\",\"logo\":{\"@type\":\"ImageObject\",\"inLanguage\":\"ca\",\"@id\":\"https:\/\/federaciosalutmental.com\/ca\/#\/schema\/logo\/image\/\",\"url\":\"https:\/\/federaciosalutmental.com\/wp-content\/uploads\/2022\/11\/cropped-Logo_LA_FEDERACIO_ok-02.png\",\"contentUrl\":\"https:\/\/federaciosalutmental.com\/wp-content\/uploads\/2022\/11\/cropped-Logo_LA_FEDERACIO_ok-02.png\",\"width\":2846,\"height\":722,\"caption\":\"Federaci\u00f3 Salut Mental\"},\"image\":{\"@id\":\"https:\/\/federaciosalutmental.com\/ca\/#\/schema\/logo\/image\/\"}},{\"@type\":\"Person\",\"@id\":\"https:\/\/federaciosalutmental.com\/ca\/#\/schema\/person\/907380c9ba5acbdaf347496f60403d57\",\"name\":\"Victoria\",\"url\":\"https:\/\/federaciosalutmental.com\/ca\/author\/victoria\/\"}]}<\/script>\n<!-- \/ Yoast SEO plugin. -->","yoast_head_json":{"title":"M\u00e9s de 500 persones reivindiquen el dret a l\u2019habitatge a l\u2019acte del Dia Mundial de la Salut Mental - Federaci\u00f3 Salut Mental","robots":{"index":"index","follow":"follow","max-snippet":"max-snippet:-1","max-image-preview":"max-image-preview:large","max-video-preview":"max-video-preview:-1"},"canonical":"https:\/\/federaciosalutmental.com\/ca\/mes-de-500-persones-reivindiquen-el-dret-a-lhabitatge-a-lacte-del-dia-mundial-de-la-salut-mental\/","og_locale":"ca_ES","og_type":"article","og_title":"M\u00e9s de 500 persones reivindiquen el dret a l\u2019habitatge a l\u2019acte del Dia Mundial de la Salut Mental - Federaci\u00f3 Salut Mental","og_description":"La Federaci\u00f3 de Salut Mental ha reclamat la creaci\u00f3 del servei d\u2019habitatges compartits, el refor\u00e7 del servei d\u2019habitatge supervisat i altres mesures en mat\u00e8ria d\u2019habitatge dirigides al col\u00b7lectiu M\u00e9s de 500 persones han participat en la jornada festiva i reivindicativa organitzada per la Federaci\u00f3 de Salut Mental de Mallorca amb motiu del Dia Mundial de [&hellip;]","og_url":"https:\/\/federaciosalutmental.com\/ca\/mes-de-500-persones-reivindiquen-el-dret-a-lhabitatge-a-lacte-del-dia-mundial-de-la-salut-mental\/","og_site_name":"Federaci\u00f3 Salut Mental","article_published_time":"2024-10-10T11:45:18+00:00","article_modified_time":"2024-10-10T11:46:54+00:00","og_image":[{"width":2560,"height":1920,"url":"https:\/\/federaciosalutmental.com\/wp-content\/uploads\/2024\/10\/Foto-DMSM-2024-scaled.jpg","type":"image\/jpeg"}],"author":"Victoria","twitter_card":"summary_large_image","twitter_misc":{"Escrit per":"Victoria","Temps estimat de lectura":"6 minuts"},"schema":{"@context":"https:\/\/schema.org","@graph":[{"@type":"Article","@id":"https:\/\/federaciosalutmental.com\/ca\/mes-de-500-persones-reivindiquen-el-dret-a-lhabitatge-a-lacte-del-dia-mundial-de-la-salut-mental\/#article","isPartOf":{"@id":"https:\/\/federaciosalutmental.com\/ca\/mes-de-500-persones-reivindiquen-el-dret-a-lhabitatge-a-lacte-del-dia-mundial-de-la-salut-mental\/"},"author":{"name":"Victoria","@id":"https:\/\/federaciosalutmental.com\/ca\/#\/schema\/person\/907380c9ba5acbdaf347496f60403d57"},"headline":"M\u00e9s de 500 persones reivindiquen el dret a l\u2019habitatge a l\u2019acte del Dia Mundial de la Salut Mental","datePublished":"2024-10-10T11:45:18+00:00","dateModified":"2024-10-10T11:46:54+00:00","mainEntityOfPage":{"@id":"https:\/\/federaciosalutmental.com\/ca\/mes-de-500-persones-reivindiquen-el-dret-a-lhabitatge-a-lacte-del-dia-mundial-de-la-salut-mental\/"},"wordCount":1035,"publisher":{"@id":"https:\/\/federaciosalutmental.com\/ca\/#organization"},"articleSection":["Sin categorizar"],"inLanguage":"ca"},{"@type":"WebPage","@id":"https:\/\/federaciosalutmental.com\/ca\/mes-de-500-persones-reivindiquen-el-dret-a-lhabitatge-a-lacte-del-dia-mundial-de-la-salut-mental\/","url":"https:\/\/federaciosalutmental.com\/ca\/mes-de-500-persones-reivindiquen-el-dret-a-lhabitatge-a-lacte-del-dia-mundial-de-la-salut-mental\/","name":"M\u00e9s de 500 persones reivindiquen el dret a l\u2019habitatge a l\u2019acte del Dia Mundial de la Salut Mental - Federaci\u00f3 Salut Mental","isPartOf":{"@id":"https:\/\/federaciosalutmental.com\/ca\/#website"},"datePublished":"2024-10-10T11:45:18+00:00","dateModified":"2024-10-10T11:46:54+00:00","breadcrumb":{"@id":"https:\/\/federaciosalutmental.com\/ca\/mes-de-500-persones-reivindiquen-el-dret-a-lhabitatge-a-lacte-del-dia-mundial-de-la-salut-mental\/#breadcrumb"},"inLanguage":"ca","potentialAction":[{"@type":"ReadAction","target":["https:\/\/federaciosalutmental.com\/ca\/mes-de-500-persones-reivindiquen-el-dret-a-lhabitatge-a-lacte-del-dia-mundial-de-la-salut-mental\/"]}]},{"@type":"BreadcrumbList","@id":"https:\/\/federaciosalutmental.com\/ca\/mes-de-500-persones-reivindiquen-el-dret-a-lhabitatge-a-lacte-del-dia-mundial-de-la-salut-mental\/#breadcrumb","itemListElement":[{"@type":"ListItem","position":1,"name":"Home","item":"https:\/\/federaciosalutmental.com\/ca\/"},{"@type":"ListItem","position":2,"name":"M\u00e9s de 500 persones reivindiquen el dret a l\u2019habitatge a l\u2019acte del Dia Mundial de la Salut Mental"}]},{"@type":"WebSite","@id":"https:\/\/federaciosalutmental.com\/ca\/#website","url":"https:\/\/federaciosalutmental.com\/ca\/","name":"Federaci\u00f3 Salut Mental","description":"","publisher":{"@id":"https:\/\/federaciosalutmental.com\/ca\/#organization"},"potentialAction":[{"@type":"SearchAction","target":{"@type":"EntryPoint","urlTemplate":"https:\/\/federaciosalutmental.com\/ca\/?s={search_term_string}"},"query-input":"required name=search_term_string"}],"inLanguage":"ca"},{"@type":"Organization","@id":"https:\/\/federaciosalutmental.com\/ca\/#organization","name":"Federaci\u00f3 Salut Mental","url":"https:\/\/federaciosalutmental.com\/ca\/","logo":{"@type":"ImageObject","inLanguage":"ca","@id":"https:\/\/federaciosalutmental.com\/ca\/#\/schema\/logo\/image\/","url":"https:\/\/federaciosalutmental.com\/wp-content\/uploads\/2022\/11\/cropped-Logo_LA_FEDERACIO_ok-02.png","contentUrl":"https:\/\/federaciosalutmental.com\/wp-content\/uploads\/2022\/11\/cropped-Logo_LA_FEDERACIO_ok-02.png","width":2846,"height":722,"caption":"Federaci\u00f3 Salut Mental"},"image":{"@id":"https:\/\/federaciosalutmental.com\/ca\/#\/schema\/logo\/image\/"}},{"@type":"Person","@id":"https:\/\/federaciosalutmental.com\/ca\/#\/schema\/person\/907380c9ba5acbdaf347496f60403d57","name":"Victoria","url":"https:\/\/federaciosalutmental.com\/ca\/author\/victoria\/"}]}},"_links":{"self":[{"href":"https:\/\/federaciosalutmental.com\/ca\/wp-json\/wp\/v2\/posts\/26243"}],"collection":[{"href":"https:\/\/federaciosalutmental.com\/ca\/wp-json\/wp\/v2\/posts"}],"about":[{"href":"https:\/\/federaciosalutmental.com\/ca\/wp-json\/wp\/v2\/types\/post"}],"author":[{"embeddable":true,"href":"https:\/\/federaciosalutmental.com\/ca\/wp-json\/wp\/v2\/users\/2"}],"replies":[{"embeddable":true,"href":"https:\/\/federaciosalutmental.com\/ca\/wp-json\/wp\/v2\/comments?post=26243"}],"version-history":[{"count":2,"href":"https:\/\/federaciosalutmental.com\/ca\/wp-json\/wp\/v2\/posts\/26243\/revisions"}],"predecessor-version":[{"id":26247,"href":"https:\/\/federaciosalutmental.com\/ca\/wp-json\/wp\/v2\/posts\/26243\/revisions\/26247"}],"wp:featuredmedia":[{"embeddable":true,"href":"https:\/\/federaciosalutmental.com\/ca\/wp-json\/wp\/v2\/media\/26244"}],"wp:attachment":[{"href":"https:\/\/federaciosalutmental.com\/ca\/wp-json\/wp\/v2\/media?parent=26243"}],"wp:term":[{"taxonomy":"category","embeddable":true,"href":"https:\/\/federaciosalutmental.com\/ca\/wp-json\/wp\/v2\/categories?post=26243"},{"taxonomy":"post_tag","embeddable":true,"href":"https:\/\/federaciosalutmental.com\/ca\/wp-json\/wp\/v2\/tags?post=26243"}],"curies":[{"name":"wp","href":"https:\/\/api.w.org\/{rel}","templated":true}]}}